{"id":1455,"date":"2022-03-22T11:00:52","date_gmt":"2022-03-22T10:00:52","guid":{"rendered":"https:\/\/albabike.com\/blog\/?p=1455"},"modified":"2022-03-22T17:55:39","modified_gmt":"2022-03-22T16:55:39","slug":"los-intercomunicadores-de-moto-ya-son-legales","status":"publish","type":"post","link":"https:\/\/albabike.com\/blog\/los-intercomunicadores-de-moto-ya-son-legales\/","title":{"rendered":"LOS INTERCOMUNICADORES DE MOTO YA SON LEGALES"},"content":{"rendered":"\t\t<div data-elementor-type=\"wp-post\" data-elementor-id=\"1455\" class=\"elementor elementor-1455\" data-elementor-settings=\"[]\">\n\t\t\t\t\t\t<div class=\"elementor-inner\">\n\t\t\t\t\t\t\t<div class=\"elementor-section-wrap\">\n\t\t\t\t\t\t\t<section class=\"elementor-section elementor-top-section elementor-element elementor-element-ea83f25 elementor-section-boxed elementor-section-height-default elementor-section-height-default\" data-id=\"ea83f25\" data-element_type=\"section\">\n\t\t\t\t\t\t<div class=\"elementor-container elementor-column-gap-default\">\n\t\t\t\t\t\t\t<div class=\"elementor-row\">\n\t\t\t\t\t<div class=\"elementor-column elementor-col-100 elementor-top-column elementor-element elementor-element-1f49bee\" data-id=\"1f49bee\" data-element_type=\"column\">\n\t\t\t<div class=\"elementor-column-wrap elementor-element-populated\">\n\t\t\t\t\t\t\t<div class=\"elementor-widget-wrap\">\n\t\t\t\t\t\t<div class=\"elementor-element elementor-element-3a54759 elementor-widget elementor-widget-text-editor\" data-id=\"3a54759\" data-element_type=\"widget\" data-widget_type=\"text-editor.default\">\n\t\t\t\t<div class=\"elementor-widget-container\">\n\t\t\t\t\t\t\t\t<div class=\"elementor-text-editor elementor-clearfix\">\n\t\t\t\t\t<p><strong>Ahora s\u00ed, los intercomunicadores de moto ya son totalmente legales. Con la entrada en vigor de la nueva Ley de Tr\u00e1fico, Circulaci\u00f3n de Veh\u00edculos y Seguridad Vial, se autoriza el uso de este tipo de dispositivos inal\u00e1mbricos de comunicaci\u00f3n por parte de los motoristas.<\/strong><\/p><p>La <strong>utilizaci\u00f3n de los intercomunicadores en moto<\/strong> ha sido desde siempre un asunto pendiente de aclarar por parte de la DGT. Hasta ahora, la gran mayor\u00eda de los usuarios de motocicletas y ciclomotores <strong>no sab\u00edan si estaba permitido o no<\/strong> la instalaci\u00f3n de estos dispositivos en sus cascos. Y, es que, en funci\u00f3n de la interpretaci\u00f3n de la norma por parte del agente, utilizarlos podr\u00eda ser multa con retirada de hasta 3 puntos del carnet. Todo esto ocurr\u00eda por culpa de una ley muy abstracta y nada concisa. Con \u00faltima <strong>modificaci\u00f3n de la ley de tr\u00e1fico<\/strong> se acaba la disparidad de interpretaciones a incluir su uso de forma expl\u00edcita.<\/p><p>Tras varios a\u00f1os de lucha de asociaciones de motoristas y otros colectivos relacionados, por fin <strong>se atiende su petici\u00f3n de legalizar los intercomunicadores en la moto<\/strong>. Algo totalmente coherente, ya que estos dispositivos ofrecen un<strong> gran n\u00famero de ventajas a los usuarios de motos<\/strong>, mejorando de gran forma la seguridad vial y disminuyendo los riesgos.<\/p>\t\t\t\t\t<\/div>\n\t\t\t\t\t\t<\/div>\n\t\t\t\t<\/div>\n\t\t\t\t\t\t<\/div>\n\t\t\t\t\t<\/div>\n\t\t<\/div>\n\t\t\t\t\t\t\t\t<\/div>\n\t\t\t\t\t<\/div>\n\t\t<\/section>\n\t\t\t\t<section class=\"elementor-section elementor-top-section elementor-element elementor-element-4406914 elementor-section-boxed elementor-section-height-default elementor-section-height-default\" data-id=\"4406914\" data-element_type=\"section\">\n\t\t\t\t\t\t<div class=\"elementor-container elementor-column-gap-default\">\n\t\t\t\t\t\t\t<div class=\"elementor-row\">\n\t\t\t\t\t<div class=\"elementor-column elementor-col-100 elementor-top-column elementor-element elementor-element-1dc12b0\" data-id=\"1dc12b0\" data-element_type=\"column\">\n\t\t\t<div class=\"elementor-column-wrap elementor-element-populated\">\n\t\t\t\t\t\t\t<div class=\"elementor-widget-wrap\">\n\t\t\t\t\t\t<div class=\"elementor-element elementor-element-07b7f8b elementor-widget elementor-widget-text-editor\" data-id=\"07b7f8b\" data-element_type=\"widget\" data-widget_type=\"text-editor.default\">\n\t\t\t\t<div class=\"elementor-widget-container\">\n\t\t\t\t\t\t\t\t<div class=\"elementor-text-editor elementor-clearfix\">\n\t\t\t\t\t<h2>\u00bfSon legales los intercomunicadores de moto?<\/h2><p>S\u00ed, <strong>los intercomunicadores de moto son completamente legales<\/strong>. Desde el d\u00eda 21 de marzo de 2022, la DGT permite \u201cel uso de dispositivos inal\u00e1mbricos certificados u homologados para la utilizaci\u00f3n en el casco de los conductores de moto y ciclomotor, con fines de comunicaci\u00f3n o navegaci\u00f3n, siempre que no afecte a la seguridad en el conducci\u00f3n\u201d.<\/p><p>Recordamos que ya en el a\u00f1o 2020, la Direcci\u00f3n General de Tr\u00e1fico (DGT) se pronunci\u00f3 al fin sobre el asunto de la legalidad de los intercomunicadores de moto, <strong>manifestando su inter\u00e9s por permitir estos instrumentos de comunicaci\u00f3n<\/strong>. No obstante, se tendr\u00eda que esperar hasta el pasado mes de diciembre para ver <a href=\"https:\/\/albabike.com\/blog\/intercomunicadores-de-moto-seran-legales-ley-de-trafico\/\">aprobada la nueva normativa<\/a>, que entra ahora en vigor.<\/p>\t\t\t\t\t<\/div>\n\t\t\t\t\t\t<\/div>\n\t\t\t\t<\/div>\n\t\t\t\t\t\t<\/div>\n\t\t\t\t\t<\/div>\n\t\t<\/div>\n\t\t\t\t\t\t\t\t<\/div>\n\t\t\t\t\t<\/div>\n\t\t<\/section>\n\t\t\t\t<section class=\"elementor-section elementor-top-section elementor-element elementor-element-2459cb2 elementor-section-boxed elementor-section-height-default elementor-section-height-default\" data-id=\"2459cb2\" data-element_type=\"section\">\n\t\t\t\t\t\t<div class=\"elementor-container elementor-column-gap-default\">\n\t\t\t\t\t\t\t<div class=\"elementor-row\">\n\t\t\t\t\t<div class=\"elementor-column elementor-col-100 elementor-top-column elementor-element elementor-element-25f2476\" data-id=\"25f2476\" data-element_type=\"column\">\n\t\t\t<div class=\"elementor-column-wrap elementor-element-populated\">\n\t\t\t\t\t\t\t<div class=\"elementor-widget-wrap\">\n\t\t\t\t\t\t<div class=\"elementor-element elementor-element-3d960c7 elementor-widget elementor-widget-text-editor\" data-id=\"3d960c7\" data-element_type=\"widget\" data-widget_type=\"text-editor.default\">\n\t\t\t\t<div class=\"elementor-widget-container\">\n\t\t\t\t\t\t\t\t<div class=\"elementor-text-editor elementor-clearfix\">\n\t\t\t\t\t<h2>\u00bfC\u00f3mo afecta la nueva Ley de Tr\u00e1fico a las motos?<\/h2>\n<p>La nueva Ley de Tr\u00e1fico, adem\u00e1s de permitir el uso de los intercomunicadores, <strong>afecta a los motoristas en otros aspectos<\/strong>, la mayor\u00eda comunes con el resto de usuarios de veh\u00edculos. A continuaci\u00f3n, mostramos los <strong>cambios de normativa m\u00e1s significativos<\/strong> con la entrada en vigor de la nueva ley.<\/p>\n<h3>Sanciones m\u00e1s duras con retirada de puntos<\/h3>\n<p>Algunas de las infracciones que se penalizan con una mayor p\u00e9rdida de puntos son el <strong>usar o sujetar el tel\u00e9fono m\u00f3vil con la mano<\/strong> mientras se circula (aumenta de 3 a 6 puntos), <strong>no utilizar casco de forma adecuada<\/strong> (aumenta de 3 a 4 puntos) o <strong>tirar objetos a la v\u00eda<\/strong> (aumenta de 4 a 6 puntos). Adem\u00e1s, cuando se vaya a adelantar a un ciclista o a un ciclomotor en una v\u00eda con m\u00e1s de un carril por sentido, se deber\u00e1 <strong>cambiar completamente de carril<\/strong>. En el resto de v\u00edas, se tendr\u00e1 que <strong>mantener la separaci\u00f3n m\u00ednima 1,5 metros<\/strong>; si no, se perder\u00e1n 6 puntos en lugar de 4, como anteriormente.<\/p>\n<h3>Se elimina el margen de 20 km\/h en adelantamientos<\/h3>\n<p>A partir de ahora, cuando se vaya a realizar un adelantamiento en carreteras convencionales a otros veh\u00edculos, <strong>no se podr\u00e1 rebasar en 20 km\/h los l\u00edmites de velocidad<\/strong>. Una medida que supondr\u00e1 un aumento de la peligrosidad en este tipo de v\u00edas, ya que para adelantar se emplear\u00e1 m\u00e1s tiempo que anteriormente.<\/p>\n<h3>Tasa de alcohol 0 en los menores de 18 a\u00f1os<\/h3>\n<p>Los conductores menores de edad <strong>no podr\u00e1n superar la tasa de alcohol de 0,0<\/strong> (en sangre y aire expirado) cuando conduzcan ciclomotores o motos de 125cc, pero tampoco cuando circulen en bicicleta o en cualquier otro veh\u00edculo de movilidad personal como pueden ser los patinetes el\u00e9ctricos, por ejemplo.<\/p>\n<h3>Otras modificaciones<\/h3>\n<p>Adem\u00e1s, con la nueva normativa, se a\u00f1aden otros cambios como son el aumento de las sanciones cuando <strong>no se respeten las restricciones de circulaci\u00f3n en zonas de bajas emisiones<\/strong> o <strong>cuando se copie en un examen<\/strong> para obtener el permiso de conducir. En este \u00faltimo caso, la sanci\u00f3n econ\u00f3mica alcanzar\u00e1 los 500\u20ac, adem\u00e1s de la imposibilidad de presentarse de nuevo hasta pasados 6 meses.<\/p>\n<p>Si est\u00e1s interesado en conocer en profundidad la <strong>nueva Ley de Tr\u00e1fico en vigor<\/strong> desde el 21 de marzo de 2022, <a href=\"https:\/\/www.boe.es\/diario_boe\/txt.php?id=BOE-A-2021-21006\">aqu\u00ed la puedes consultar<\/a>.<\/p>\t\t\t\t\t<\/div>\n\t\t\t\t\t\t<\/div>\n\t\t\t\t<\/div>\n\t\t\t\t\t\t<\/div>\n\t\t\t\t\t<\/div>\n\t\t<\/div>\n\t\t\t\t\t\t\t\t<\/div>\n\t\t\t\t\t<\/div>\n\t\t<\/section>\n\t\t\t\t<section class=\"elementor-section elementor-top-section elementor-element elementor-element-c16fa58 elementor-section-boxed elementor-section-height-default elementor-section-height-default\" data-id=\"c16fa58\" data-element_type=\"section\">\n\t\t\t\t\t\t<div class=\"elementor-container elementor-column-gap-default\">\n\t\t\t\t\t\t\t<div class=\"elementor-row\">\n\t\t\t\t\t<div class=\"elementor-column elementor-col-100 elementor-top-column elementor-element elementor-element-afc3bf0\" data-id=\"afc3bf0\" data-element_type=\"column\">\n\t\t\t<div class=\"elementor-column-wrap elementor-element-populated\">\n\t\t\t\t\t\t\t<div class=\"elementor-widget-wrap\">\n\t\t\t\t\t\t<div class=\"elementor-element elementor-element-8300cfd elementor-widget elementor-widget-spacer\" data-id=\"8300cfd\" data-element_type=\"widget\" data-widget_type=\"spacer.default\">\n\t\t\t\t<div class=\"elementor-widget-container\">\n\t\t\t\t\t<div class=\"elementor-spacer\">\n\t\t\t<div class=\"elementor-spacer-inner\"><\/div>\n\t\t<\/div>\n\t\t\t\t<\/div>\n\t\t\t\t<\/div>\n\t\t\t\t\t\t<\/div>\n\t\t\t\t\t<\/div>\n\t\t<\/div>\n\t\t\t\t\t\t\t\t<\/div>\n\t\t\t\t\t<\/div>\n\t\t<\/section>\n\t\t\t\t<section class=\"elementor-section elementor-top-section elementor-element elementor-element-df70cc1 elementor-section-boxed elementor-section-height-default elementor-section-height-default\" data-id=\"df70cc1\" data-element_type=\"section\">\n\t\t\t\t\t\t<div class=\"elementor-container elementor-column-gap-default\">\n\t\t\t\t\t\t\t<div class=\"elementor-row\">\n\t\t\t\t\t<div class=\"elementor-column elementor-col-50 elementor-top-column elementor-element elementor-element-d5cea05\" data-id=\"d5cea05\" data-element_type=\"column\">\n\t\t\t<div class=\"elementor-column-wrap elementor-element-populated\">\n\t\t\t\t\t\t\t<div class=\"elementor-widget-wrap\">\n\t\t\t\t\t\t<div class=\"elementor-element elementor-element-4083949 elementor-widget elementor-widget-image\" data-id=\"4083949\" data-element_type=\"widget\" data-widget_type=\"image.default\">\n\t\t\t\t<div class=\"elementor-widget-container\">\n\t\t\t\t\t\t\t\t<div class=\"elementor-image\">\n\t\t\t\t\t\t\t\t\t\t\t\t\t<a href=\"https:\/\/albabike.com\/motos\/midland-intercomunicador-bt-mini-twin-A1..7MIDC141001-p.html\">\n\t\t\t\t\t\t\t<img loading=\"lazy\" decoding=\"async\" width=\"150\" height=\"150\" src=\"https:\/\/albabike.com\/blog\/wp-content\/uploads\/2021\/06\/a1-7midc141001-150x150.jpg\" class=\"attachment-thumbnail size-thumbnail\" alt=\"MIDLAND INTERCOMUNICADOR BT MINI TWIN\" srcset=\"https:\/\/albabike.com\/blog\/wp-content\/uploads\/2021\/06\/a1-7midc141001-150x150.jpg 150w, https:\/\/albabike.com\/blog\/wp-content\/uploads\/2021\/06\/a1-7midc141001-300x300.jpg 300w, https:\/\/albabike.com\/blog\/wp-content\/uploads\/2021\/06\/a1-7midc141001-24x24.jpg 24w, https:\/\/albabike.com\/blog\/wp-content\/uploads\/2021\/06\/a1-7midc141001-36x36.jpg 36w, https:\/\/albabike.com\/blog\/wp-content\/uploads\/2021\/06\/a1-7midc141001-48x48.jpg 48w, https:\/\/albabike.com\/blog\/wp-content\/uploads\/2021\/06\/a1-7midc141001.jpg 500w\" sizes=\"auto, (max-width: 150px) 100vw, 150px\" \/>\t\t\t\t\t\t\t\t<\/a>\n\t\t\t\t\t\t\t\t\t\t\t\t\t\t<\/div>\n\t\t\t\t\t\t<\/div>\n\t\t\t\t<\/div>\n\t\t\t\t\t\t<\/div>\n\t\t\t\t\t<\/div>\n\t\t<\/div>\n\t\t\t\t<div class=\"elementor-column elementor-col-50 elementor-top-column elementor-element elementor-element-b51e4a4\" data-id=\"b51e4a4\" data-element_type=\"column\">\n\t\t\t<div class=\"elementor-column-wrap elementor-element-populated\">\n\t\t\t\t\t\t\t<div class=\"elementor-widget-wrap\">\n\t\t\t\t\t\t<div class=\"elementor-element elementor-element-6342692 elementor-widget elementor-widget-text-editor\" data-id=\"6342692\" data-element_type=\"widget\" data-widget_type=\"text-editor.default\">\n\t\t\t\t<div class=\"elementor-widget-container\">\n\t\t\t\t\t\t\t\t<div class=\"elementor-text-editor elementor-clearfix\">\n\t\t\t\t\t<p><a href=\"https:\/\/albabike.com\/motos\/midland-intercomunicador-bt-mini-twin-A1..7MIDC141001-p.html\"><strong>INTERCOMUNICADOR MIDLAND BT MINI TWIN &#8211; 179,94\u20ac<\/strong><\/a><\/p><p><span style=\"font-size: 1rem;\">El MIDLAND BT MINI TWIN es un intercomunicador Bluetooth piloto-pasajero, f\u00e1cil de instalar y utilizar para motociclistas, que cuenta con todas las funciones necesarias. Este sistema de [&#8230;]<\/span><\/p>\t\t\t\t\t<\/div>\n\t\t\t\t\t\t<\/div>\n\t\t\t\t<\/div>\n\t\t\t\t\t\t<\/div>\n\t\t\t\t\t<\/div>\n\t\t<\/div>\n\t\t\t\t\t\t\t\t<\/div>\n\t\t\t\t\t<\/div>\n\t\t<\/section>\n\t\t\t\t<section class=\"elementor-section elementor-top-section elementor-element elementor-element-f00320e elementor-section-boxed elementor-section-height-default elementor-section-height-default\" data-id=\"f00320e\" data-element_type=\"section\">\n\t\t\t\t\t\t<div class=\"elementor-container elementor-column-gap-default\">\n\t\t\t\t\t\t\t<div class=\"elementor-row\">\n\t\t\t\t\t<div class=\"elementor-column elementor-col-100 elementor-top-column elementor-element elementor-element-5ea7c78\" data-id=\"5ea7c78\" data-element_type=\"column\">\n\t\t\t<div class=\"elementor-column-wrap elementor-element-populated\">\n\t\t\t\t\t\t\t<div class=\"elementor-widget-wrap\">\n\t\t\t\t\t\t<div class=\"elementor-element elementor-element-8a5a084 elementor-widget elementor-widget-spacer\" data-id=\"8a5a084\" data-element_type=\"widget\" data-widget_type=\"spacer.default\">\n\t\t\t\t<div class=\"elementor-widget-container\">\n\t\t\t\t\t<div class=\"elementor-spacer\">\n\t\t\t<div class=\"elementor-spacer-inner\"><\/div>\n\t\t<\/div>\n\t\t\t\t<\/div>\n\t\t\t\t<\/div>\n\t\t\t\t\t\t<\/div>\n\t\t\t\t\t<\/div>\n\t\t<\/div>\n\t\t\t\t\t\t\t\t<\/div>\n\t\t\t\t\t<\/div>\n\t\t<\/section>\n\t\t\t\t<section class=\"elementor-section elementor-top-section elementor-element elementor-element-f18f0d4 elementor-section-boxed elementor-section-height-default elementor-section-height-default\" data-id=\"f18f0d4\" data-element_type=\"section\">\n\t\t\t\t\t\t<div class=\"elementor-container elementor-column-gap-default\">\n\t\t\t\t\t\t\t<div class=\"elementor-row\">\n\t\t\t\t\t<div class=\"elementor-column elementor-col-50 elementor-top-column elementor-element elementor-element-ce48f61\" data-id=\"ce48f61\" data-element_type=\"column\">\n\t\t\t<div class=\"elementor-column-wrap elementor-element-populated\">\n\t\t\t\t\t\t\t<div class=\"elementor-widget-wrap\">\n\t\t\t\t\t\t<div class=\"elementor-element elementor-element-d7fd0dd elementor-widget elementor-widget-image\" data-id=\"d7fd0dd\" data-element_type=\"widget\" data-widget_type=\"image.default\">\n\t\t\t\t<div class=\"elementor-widget-container\">\n\t\t\t\t\t\t\t\t<div class=\"elementor-image\">\n\t\t\t\t\t\t\t\t\t\t\t\t\t<a href=\"https:\/\/albabike.com\/motos\/midland-intercomunicador-btx1-pro-s-twin-c141101-A1..7MIDC141101-p.html\">\n\t\t\t\t\t\t\t<img loading=\"lazy\" decoding=\"async\" width=\"150\" height=\"150\" src=\"https:\/\/albabike.com\/blog\/wp-content\/uploads\/2021\/10\/a1-7midc141101-150x150.jpg\" class=\"attachment-thumbnail size-thumbnail\" alt=\"MIDLAND BTX1 PRO S TWIN\" srcset=\"https:\/\/albabike.com\/blog\/wp-content\/uploads\/2021\/10\/a1-7midc141101-150x150.jpg 150w, https:\/\/albabike.com\/blog\/wp-content\/uploads\/2021\/10\/a1-7midc141101-300x300.jpg 300w, https:\/\/albabike.com\/blog\/wp-content\/uploads\/2021\/10\/a1-7midc141101-24x24.jpg 24w, https:\/\/albabike.com\/blog\/wp-content\/uploads\/2021\/10\/a1-7midc141101-36x36.jpg 36w, https:\/\/albabike.com\/blog\/wp-content\/uploads\/2021\/10\/a1-7midc141101-48x48.jpg 48w, https:\/\/albabike.com\/blog\/wp-content\/uploads\/2021\/10\/a1-7midc141101.jpg 500w\" sizes=\"auto, (max-width: 150px) 100vw, 150px\" \/>\t\t\t\t\t\t\t\t<\/a>\n\t\t\t\t\t\t\t\t\t\t\t\t\t\t<\/div>\n\t\t\t\t\t\t<\/div>\n\t\t\t\t<\/div>\n\t\t\t\t\t\t<\/div>\n\t\t\t\t\t<\/div>\n\t\t<\/div>\n\t\t\t\t<div class=\"elementor-column elementor-col-50 elementor-top-column elementor-element elementor-element-5ac54a8\" data-id=\"5ac54a8\" data-element_type=\"column\">\n\t\t\t<div class=\"elementor-column-wrap elementor-element-populated\">\n\t\t\t\t\t\t\t<div class=\"elementor-widget-wrap\">\n\t\t\t\t\t\t<div class=\"elementor-element elementor-element-310c0b7 elementor-widget elementor-widget-text-editor\" data-id=\"310c0b7\" data-element_type=\"widget\" data-widget_type=\"text-editor.default\">\n\t\t\t\t<div class=\"elementor-widget-container\">\n\t\t\t\t\t\t\t\t<div class=\"elementor-text-editor elementor-clearfix\">\n\t\t\t\t\t<p><a href=\"https:\/\/albabike.com\/motos\/midland-intercomunicador-btx1-pro-s-twin-c141101-A1..7MIDC141101-p.html\"><strong>INTERCOMUNICADOR MIDLAND BTX1 PRO S TWIN &#8211; 249,96\u20ac<\/strong><\/a><\/p><p><span style=\"font-size: 1rem;\">El MIDLAND BTX1 PRO S TWIN es un intercomunicador que introduce la conferencia hasta 3 personas. Utiliza el modo Full Duplex, con calidad digital y sistema DSP para la supresi\u00f3n [&#8230;]<\/span><\/p>\t\t\t\t\t<\/div>\n\t\t\t\t\t\t<\/div>\n\t\t\t\t<\/div>\n\t\t\t\t\t\t<\/div>\n\t\t\t\t\t<\/div>\n\t\t<\/div>\n\t\t\t\t\t\t\t\t<\/div>\n\t\t\t\t\t<\/div>\n\t\t<\/section>\n\t\t\t\t<section class=\"elementor-section elementor-top-section elementor-element elementor-element-bb5ba6f elementor-section-boxed elementor-section-height-default elementor-section-height-default\" data-id=\"bb5ba6f\" data-element_type=\"section\">\n\t\t\t\t\t\t<div class=\"elementor-container elementor-column-gap-default\">\n\t\t\t\t\t\t\t<div class=\"elementor-row\">\n\t\t\t\t\t<div class=\"elementor-column elementor-col-100 elementor-top-column elementor-element elementor-element-4082b4b\" data-id=\"4082b4b\" data-element_type=\"column\">\n\t\t\t<div class=\"elementor-column-wrap elementor-element-populated\">\n\t\t\t\t\t\t\t<div class=\"elementor-widget-wrap\">\n\t\t\t\t\t\t<div class=\"elementor-element elementor-element-4ccaeb6 elementor-widget elementor-widget-spacer\" data-id=\"4ccaeb6\" data-element_type=\"widget\" data-widget_type=\"spacer.default\">\n\t\t\t\t<div class=\"elementor-widget-container\">\n\t\t\t\t\t<div class=\"elementor-spacer\">\n\t\t\t<div class=\"elementor-spacer-inner\"><\/div>\n\t\t<\/div>\n\t\t\t\t<\/div>\n\t\t\t\t<\/div>\n\t\t\t\t\t\t<\/div>\n\t\t\t\t\t<\/div>\n\t\t<\/div>\n\t\t\t\t\t\t\t\t<\/div>\n\t\t\t\t\t<\/div>\n\t\t<\/section>\n\t\t\t\t<section class=\"elementor-section elementor-top-section elementor-element elementor-element-bd8772b elementor-section-boxed elementor-section-height-default elementor-section-height-default\" data-id=\"bd8772b\" data-element_type=\"section\">\n\t\t\t\t\t\t<div class=\"elementor-container elementor-column-gap-default\">\n\t\t\t\t\t\t\t<div class=\"elementor-row\">\n\t\t\t\t\t<div class=\"elementor-column elementor-col-50 elementor-top-column elementor-element elementor-element-ffd7478\" data-id=\"ffd7478\" data-element_type=\"column\">\n\t\t\t<div class=\"elementor-column-wrap elementor-element-populated\">\n\t\t\t\t\t\t\t<div class=\"elementor-widget-wrap\">\n\t\t\t\t\t\t<div class=\"elementor-element elementor-element-142af6a elementor-widget elementor-widget-image\" data-id=\"142af6a\" data-element_type=\"widget\" data-widget_type=\"image.default\">\n\t\t\t\t<div class=\"elementor-widget-container\">\n\t\t\t\t\t\t\t\t<div class=\"elementor-image\">\n\t\t\t\t\t\t\t\t\t\t\t\t\t<a href=\"https:\/\/albabike.com\/motos\/intercomunicador-cardo-packtalk-bold-jbl-duo-A1..7CARCSRPTBJBL02-p.html\">\n\t\t\t\t\t\t\t<img loading=\"lazy\" decoding=\"async\" width=\"150\" height=\"150\" src=\"https:\/\/albabike.com\/blog\/wp-content\/uploads\/2022\/03\/a1-7carcsrptbjbl02-150x150.jpg\" class=\"attachment-thumbnail size-thumbnail\" alt=\"INTERCOMUNICADOR CARDO PACKTALK BOLD JBL DUO\" srcset=\"https:\/\/albabike.com\/blog\/wp-content\/uploads\/2022\/03\/a1-7carcsrptbjbl02-150x150.jpg 150w, https:\/\/albabike.com\/blog\/wp-content\/uploads\/2022\/03\/a1-7carcsrptbjbl02-300x300.jpg 300w, https:\/\/albabike.com\/blog\/wp-content\/uploads\/2022\/03\/a1-7carcsrptbjbl02-24x24.jpg 24w, https:\/\/albabike.com\/blog\/wp-content\/uploads\/2022\/03\/a1-7carcsrptbjbl02-36x36.jpg 36w, https:\/\/albabike.com\/blog\/wp-content\/uploads\/2022\/03\/a1-7carcsrptbjbl02-48x48.jpg 48w, https:\/\/albabike.com\/blog\/wp-content\/uploads\/2022\/03\/a1-7carcsrptbjbl02.jpg 500w\" sizes=\"auto, (max-width: 150px) 100vw, 150px\" \/>\t\t\t\t\t\t\t\t<\/a>\n\t\t\t\t\t\t\t\t\t\t\t\t\t\t<\/div>\n\t\t\t\t\t\t<\/div>\n\t\t\t\t<\/div>\n\t\t\t\t\t\t<\/div>\n\t\t\t\t\t<\/div>\n\t\t<\/div>\n\t\t\t\t<div class=\"elementor-column elementor-col-50 elementor-top-column elementor-element elementor-element-62f64d1\" data-id=\"62f64d1\" data-element_type=\"column\">\n\t\t\t<div class=\"elementor-column-wrap elementor-element-populated\">\n\t\t\t\t\t\t\t<div class=\"elementor-widget-wrap\">\n\t\t\t\t\t\t<div class=\"elementor-element elementor-element-6043d02 elementor-widget elementor-widget-text-editor\" data-id=\"6043d02\" data-element_type=\"widget\" data-widget_type=\"text-editor.default\">\n\t\t\t\t<div class=\"elementor-widget-container\">\n\t\t\t\t\t\t\t\t<div class=\"elementor-text-editor elementor-clearfix\">\n\t\t\t\t\t<p><a href=\"https:\/\/albabike.com\/motos\/intercomunicador-cardo-packtalk-bold-jbl-duo-A1..7CARCSRPTBJBL02-p.html\"><strong>INTERCOM. CARDO PACKTALK BOLD JBL DUO &#8211; 479,96\u20ac<\/strong><\/a><\/p><p><span style=\"font-size: 1rem;\">El CARDO PACKTALK BOLD JBL DUO es un intercomunicador que incorpora la innovadora tecnolog\u00eda DMC (Dynamic Meshwork Communication), que permite hasta un m\u00e1ximo [&#8230;]<\/span><\/p>\t\t\t\t\t<\/div>\n\t\t\t\t\t\t<\/div>\n\t\t\t\t<\/div>\n\t\t\t\t\t\t<\/div>\n\t\t\t\t\t<\/div>\n\t\t<\/div>\n\t\t\t\t\t\t\t\t<\/div>\n\t\t\t\t\t<\/div>\n\t\t<\/section>\n\t\t\t\t<section class=\"elementor-section elementor-top-section elementor-element elementor-element-d92c651 elementor-section-boxed elementor-section-height-default elementor-section-height-default\" data-id=\"d92c651\" data-element_type=\"section\">\n\t\t\t\t\t\t<div class=\"elementor-container elementor-column-gap-default\">\n\t\t\t\t\t\t\t<div class=\"elementor-row\">\n\t\t\t\t\t<div class=\"elementor-column elementor-col-100 elementor-top-column elementor-element elementor-element-89f3c29\" data-id=\"89f3c29\" data-element_type=\"column\">\n\t\t\t<div class=\"elementor-column-wrap elementor-element-populated\">\n\t\t\t\t\t\t\t<div class=\"elementor-widget-wrap\">\n\t\t\t\t\t\t<div class=\"elementor-element elementor-element-a74a21e elementor-widget elementor-widget-spacer\" data-id=\"a74a21e\" data-element_type=\"widget\" data-widget_type=\"spacer.default\">\n\t\t\t\t<div class=\"elementor-widget-container\">\n\t\t\t\t\t<div class=\"elementor-spacer\">\n\t\t\t<div class=\"elementor-spacer-inner\"><\/div>\n\t\t<\/div>\n\t\t\t\t<\/div>\n\t\t\t\t<\/div>\n\t\t\t\t\t\t<\/div>\n\t\t\t\t\t<\/div>\n\t\t<\/div>\n\t\t\t\t\t\t\t\t<\/div>\n\t\t\t\t\t<\/div>\n\t\t<\/section>\n\t\t\t\t<section class=\"elementor-section elementor-top-section elementor-element elementor-element-c173d8a elementor-section-boxed elementor-section-height-default elementor-section-height-default\" data-id=\"c173d8a\" data-element_type=\"section\">\n\t\t\t\t\t\t<div class=\"elementor-container elementor-column-gap-default\">\n\t\t\t\t\t\t\t<div class=\"elementor-row\">\n\t\t\t\t\t<div class=\"elementor-column elementor-col-50 elementor-top-column elementor-element elementor-element-9527292\" data-id=\"9527292\" data-element_type=\"column\">\n\t\t\t<div class=\"elementor-column-wrap elementor-element-populated\">\n\t\t\t\t\t\t\t<div class=\"elementor-widget-wrap\">\n\t\t\t\t\t\t<div class=\"elementor-element elementor-element-555c1a0 elementor-widget elementor-widget-image\" data-id=\"555c1a0\" data-element_type=\"widget\" data-widget_type=\"image.default\">\n\t\t\t\t<div class=\"elementor-widget-container\">\n\t\t\t\t\t\t\t\t<div class=\"elementor-image\">\n\t\t\t\t\t\t\t\t\t\t\t\t\t<a href=\"https:\/\/albabike.com\/motos\/intercomunicador-cardo-freecom-1-+-A1..7CARCSRFRC1P001-p.html\">\n\t\t\t\t\t\t\t<img loading=\"lazy\" decoding=\"async\" width=\"150\" height=\"150\" src=\"https:\/\/albabike.com\/blog\/wp-content\/uploads\/2021\/06\/A1-7CARCSRFRC1P001-150x150.jpg\" class=\"attachment-thumbnail size-thumbnail\" alt=\"INTERCOMUNICADOR CARDO FREECOM 1 +\" srcset=\"https:\/\/albabike.com\/blog\/wp-content\/uploads\/2021\/06\/A1-7CARCSRFRC1P001-150x150.jpg 150w, https:\/\/albabike.com\/blog\/wp-content\/uploads\/2021\/06\/A1-7CARCSRFRC1P001-300x300.jpg 300w, https:\/\/albabike.com\/blog\/wp-content\/uploads\/2021\/06\/A1-7CARCSRFRC1P001-24x24.jpg 24w, https:\/\/albabike.com\/blog\/wp-content\/uploads\/2021\/06\/A1-7CARCSRFRC1P001-36x36.jpg 36w, https:\/\/albabike.com\/blog\/wp-content\/uploads\/2021\/06\/A1-7CARCSRFRC1P001-48x48.jpg 48w, https:\/\/albabike.com\/blog\/wp-content\/uploads\/2021\/06\/A1-7CARCSRFRC1P001.jpg 500w\" sizes=\"auto, (max-width: 150px) 100vw, 150px\" \/>\t\t\t\t\t\t\t\t<\/a>\n\t\t\t\t\t\t\t\t\t\t\t\t\t\t<\/div>\n\t\t\t\t\t\t<\/div>\n\t\t\t\t<\/div>\n\t\t\t\t\t\t<\/div>\n\t\t\t\t\t<\/div>\n\t\t<\/div>\n\t\t\t\t<div class=\"elementor-column elementor-col-50 elementor-top-column elementor-element elementor-element-cc565c1\" data-id=\"cc565c1\" data-element_type=\"column\">\n\t\t\t<div class=\"elementor-column-wrap elementor-element-populated\">\n\t\t\t\t\t\t\t<div class=\"elementor-widget-wrap\">\n\t\t\t\t\t\t<div class=\"elementor-element elementor-element-cde124a elementor-widget elementor-widget-text-editor\" data-id=\"cde124a\" data-element_type=\"widget\" data-widget_type=\"text-editor.default\">\n\t\t\t\t<div class=\"elementor-widget-container\">\n\t\t\t\t\t\t\t\t<div class=\"elementor-text-editor elementor-clearfix\">\n\t\t\t\t\t<p><a href=\"https:\/\/albabike.com\/motos\/intercomunicador-cardo-freecom-1-+-A1..7CARCSRFRC1P001-p.html\"><strong>INTERCOMUNICADOR CARDO FREECOM 1 + &#8211; 124,94\u20ac<\/strong><\/a><\/p><p><span style=\"font-size: 1rem;\">El CARDO FREECOM 1 + es un intercomunicador dise\u00f1ado para aquellos motociclistas que no necesitan comunicarse con otros, s\u00f3lo con el pasajero o individualmente. Este sistema [&#8230;]<\/span><\/p>\t\t\t\t\t<\/div>\n\t\t\t\t\t\t<\/div>\n\t\t\t\t<\/div>\n\t\t\t\t\t\t<\/div>\n\t\t\t\t\t<\/div>\n\t\t<\/div>\n\t\t\t\t\t\t\t\t<\/div>\n\t\t\t\t\t<\/div>\n\t\t<\/section>\n\t\t\t\t<section class=\"elementor-section elementor-top-section elementor-element elementor-element-970bf35 elementor-section-boxed elementor-section-height-default elementor-section-height-default\" data-id=\"970bf35\" data-element_type=\"section\">\n\t\t\t\t\t\t<div class=\"elementor-container elementor-column-gap-default\">\n\t\t\t\t\t\t\t<div class=\"elementor-row\">\n\t\t\t\t\t<div class=\"elementor-column elementor-col-100 elementor-top-column elementor-element elementor-element-303d882\" data-id=\"303d882\" data-element_type=\"column\">\n\t\t\t<div class=\"elementor-column-wrap elementor-element-populated\">\n\t\t\t\t\t\t\t<div class=\"elementor-widget-wrap\">\n\t\t\t\t\t\t<div class=\"elementor-element elementor-element-4816efd elementor-widget elementor-widget-spacer\" data-id=\"4816efd\" data-element_type=\"widget\" data-widget_type=\"spacer.default\">\n\t\t\t\t<div class=\"elementor-widget-container\">\n\t\t\t\t\t<div class=\"elementor-spacer\">\n\t\t\t<div class=\"elementor-spacer-inner\"><\/div>\n\t\t<\/div>\n\t\t\t\t<\/div>\n\t\t\t\t<\/div>\n\t\t\t\t\t\t<\/div>\n\t\t\t\t\t<\/div>\n\t\t<\/div>\n\t\t\t\t\t\t\t\t<\/div>\n\t\t\t\t\t<\/div>\n\t\t<\/section>\n\t\t\t\t<section class=\"elementor-section elementor-top-section elementor-element elementor-element-a168102 elementor-section-boxed elementor-section-height-default elementor-section-height-default\" data-id=\"a168102\" data-element_type=\"section\">\n\t\t\t\t\t\t<div class=\"elementor-container elementor-column-gap-default\">\n\t\t\t\t\t\t\t<div class=\"elementor-row\">\n\t\t\t\t\t<div class=\"elementor-column elementor-col-50 elementor-top-column elementor-element elementor-element-6b19cf7\" data-id=\"6b19cf7\" data-element_type=\"column\">\n\t\t\t<div class=\"elementor-column-wrap elementor-element-populated\">\n\t\t\t\t\t\t\t<div class=\"elementor-widget-wrap\">\n\t\t\t\t\t\t<div class=\"elementor-element elementor-element-3bac41e elementor-widget elementor-widget-image\" data-id=\"3bac41e\" data-element_type=\"widget\" data-widget_type=\"image.default\">\n\t\t\t\t<div class=\"elementor-widget-container\">\n\t\t\t\t\t\t\t\t<div class=\"elementor-image\">\n\t\t\t\t\t\t\t\t\t\t\t\t\t<a href=\"https:\/\/albabike.com\/motos\/intercomunicador-cardo-packtalk-black-A1..7CARCSRPTB00040-p.html\">\n\t\t\t\t\t\t\t<img loading=\"lazy\" decoding=\"async\" width=\"150\" height=\"150\" src=\"https:\/\/albabike.com\/blog\/wp-content\/uploads\/2022\/03\/a1-7carcsrptb00040-150x150.jpg\" class=\"attachment-thumbnail size-thumbnail\" alt=\"INTERCOMUNICADOR CARDO PACKTALK BLACK\" srcset=\"https:\/\/albabike.com\/blog\/wp-content\/uploads\/2022\/03\/a1-7carcsrptb00040-150x150.jpg 150w, https:\/\/albabike.com\/blog\/wp-content\/uploads\/2022\/03\/a1-7carcsrptb00040-300x300.jpg 300w, https:\/\/albabike.com\/blog\/wp-content\/uploads\/2022\/03\/a1-7carcsrptb00040-24x24.jpg 24w, https:\/\/albabike.com\/blog\/wp-content\/uploads\/2022\/03\/a1-7carcsrptb00040-36x36.jpg 36w, https:\/\/albabike.com\/blog\/wp-content\/uploads\/2022\/03\/a1-7carcsrptb00040-48x48.jpg 48w, https:\/\/albabike.com\/blog\/wp-content\/uploads\/2022\/03\/a1-7carcsrptb00040.jpg 500w\" sizes=\"auto, (max-width: 150px) 100vw, 150px\" \/>\t\t\t\t\t\t\t\t<\/a>\n\t\t\t\t\t\t\t\t\t\t\t\t\t\t<\/div>\n\t\t\t\t\t\t<\/div>\n\t\t\t\t<\/div>\n\t\t\t\t\t\t<\/div>\n\t\t\t\t\t<\/div>\n\t\t<\/div>\n\t\t\t\t<div class=\"elementor-column elementor-col-50 elementor-top-column elementor-element elementor-element-d24d7d0\" data-id=\"d24d7d0\" data-element_type=\"column\">\n\t\t\t<div class=\"elementor-column-wrap elementor-element-populated\">\n\t\t\t\t\t\t\t<div class=\"elementor-widget-wrap\">\n\t\t\t\t\t\t<div class=\"elementor-element elementor-element-4e1b4f4 elementor-widget elementor-widget-text-editor\" data-id=\"4e1b4f4\" data-element_type=\"widget\" data-widget_type=\"text-editor.default\">\n\t\t\t\t<div class=\"elementor-widget-container\">\n\t\t\t\t\t\t\t\t<div class=\"elementor-text-editor elementor-clearfix\">\n\t\t\t\t\t<p><a href=\"https:\/\/albabike.com\/motos\/intercomunicador-cardo-packtalk-black-A1..7CARCSRPTB00040-p.html\"><strong>INTERCOMUNICADOR CARDO PACKTALK BLACK &#8211; 349,94\u20ac<\/strong><\/a><\/p><p><span style=\"font-size: 1rem;\">El CARDO PACKTALK BLACK es un intercomunicador que dispone de la tecnolog\u00eda (Dynamic Meshwork Communication) que permite hasta 15 participantes y 8 Km de distancia [&#8230;]<\/span><\/p>\t\t\t\t\t<\/div>\n\t\t\t\t\t\t<\/div>\n\t\t\t\t<\/div>\n\t\t\t\t\t\t<\/div>\n\t\t\t\t\t<\/div>\n\t\t<\/div>\n\t\t\t\t\t\t\t\t<\/div>\n\t\t\t\t\t<\/div>\n\t\t<\/section>\n\t\t\t\t\t\t<\/div>\n\t\t\t\t\t\t<\/div>\n\t\t\t\t\t<\/div>\n\t\t","protected":false},"excerpt":{"rendered":"<p>Ahora s\u00ed, los intercomunicadores de moto ya son totalmente legales. Con la entrada en vigor de la nueva Ley de Tr\u00e1fico, Circulaci\u00f3n de Veh\u00edculos y Seguridad Vial, se autoriza el&#8230;<\/p>\n","protected":false},"author":3,"featured_media":1456,"comment_status":"open","ping_status":"open","sticky":false,"template":"","format":"standard","meta":{"footnotes":""},"categories":[8,13],"tags":[],"class_list":["post-1455","post","type-post","status-publish","format-standard","has-post-thumbnail","hentry","category-motos","category-noticias"],"yoast_head":"<!-- This site is optimized with the Yoast SEO plugin v19.6.1 - https:\/\/yoast.com\/wordpress\/plugins\/seo\/ -->\n<title>LOS INTERCOMUNICADORES DE MOTO YA SON LEGALES - Albabike Blog<\/title>\n<meta name=\"description\" content=\"Ahora s\u00ed, los intercomunicadores de moto ya son legales. Con la nueva Ley de Tr\u00e1fico, se autoriza el uso de estos dispositivos en la moto.\" \/>\n<meta name=\"robots\" content=\"index, follow, max-snippet:-1, max-image-preview:large, max-video-preview:-1\" \/>\n<link rel=\"canonical\" href=\"https:\/\/albabike.com\/blog\/los-intercomunicadores-de-moto-ya-son-legales\/\" \/>\n<meta property=\"og:locale\" content=\"es_ES\" \/>\n<meta property=\"og:type\" content=\"article\" \/>\n<meta property=\"og:title\" content=\"LOS INTERCOMUNICADORES DE MOTO YA SON LEGALES - Albabike Blog\" \/>\n<meta property=\"og:description\" content=\"Ahora s\u00ed, los intercomunicadores de moto ya son legales. Con la nueva Ley de Tr\u00e1fico, se autoriza el uso de estos dispositivos en la moto.\" \/>\n<meta property=\"og:url\" content=\"https:\/\/albabike.com\/blog\/los-intercomunicadores-de-moto-ya-son-legales\/\" \/>\n<meta property=\"og:site_name\" content=\"Albabike Blog\" \/>\n<meta property=\"article:published_time\" content=\"2022-03-22T10:00:52+00:00\" \/>\n<meta property=\"article:modified_time\" content=\"2022-03-22T16:55:39+00:00\" \/>\n<meta property=\"og:image\" content=\"https:\/\/albabike.com\/blog\/wp-content\/uploads\/2022\/03\/los-intercomunicadores-de-moto-ya-son-legales.jpg\" \/>\n\t<meta property=\"og:image:width\" content=\"1383\" \/>\n\t<meta property=\"og:image:height\" content=\"922\" \/>\n\t<meta property=\"og:image:type\" content=\"image\/jpeg\" \/>\n<meta name=\"author\" content=\"albabike\" \/>\n<meta name=\"twitter:card\" content=\"summary_large_image\" \/>\n<meta name=\"twitter:label1\" content=\"Escrito por\" \/>\n\t<meta name=\"twitter:data1\" content=\"albabike\" \/>\n\t<meta name=\"twitter:label2\" content=\"Tiempo de lectura\" \/>\n\t<meta name=\"twitter:data2\" content=\"5 minutos\" \/>\n<script type=\"application\/ld+json\" class=\"yoast-schema-graph\">{\"@context\":\"https:\/\/schema.org\",\"@graph\":[{\"@type\":\"WebPage\",\"@id\":\"https:\/\/albabike.com\/blog\/los-intercomunicadores-de-moto-ya-son-legales\/\",\"url\":\"https:\/\/albabike.com\/blog\/los-intercomunicadores-de-moto-ya-son-legales\/\",\"name\":\"LOS INTERCOMUNICADORES DE MOTO YA SON LEGALES - Albabike Blog\",\"isPartOf\":{\"@id\":\"https:\/\/albabike.com\/blog\/#website\"},\"datePublished\":\"2022-03-22T10:00:52+00:00\",\"dateModified\":\"2022-03-22T16:55:39+00:00\",\"author\":{\"@id\":\"https:\/\/albabike.com\/blog\/#\/schema\/person\/848b0403600ee4517464ac79b890c897\"},\"description\":\"Ahora s\u00ed, los intercomunicadores de moto ya son legales. Con la nueva Ley de Tr\u00e1fico, se autoriza el uso de estos dispositivos en la moto.\",\"breadcrumb\":{\"@id\":\"https:\/\/albabike.com\/blog\/los-intercomunicadores-de-moto-ya-son-legales\/#breadcrumb\"},\"inLanguage\":\"es\",\"potentialAction\":[{\"@type\":\"ReadAction\",\"target\":[\"https:\/\/albabike.com\/blog\/los-intercomunicadores-de-moto-ya-son-legales\/\"]}]},{\"@type\":\"BreadcrumbList\",\"@id\":\"https:\/\/albabike.com\/blog\/los-intercomunicadores-de-moto-ya-son-legales\/#breadcrumb\",\"itemListElement\":[{\"@type\":\"ListItem\",\"position\":1,\"name\":\"Portada\",\"item\":\"https:\/\/albabike.com\/blog\/\"},{\"@type\":\"ListItem\",\"position\":2,\"name\":\"LOS INTERCOMUNICADORES DE MOTO YA SON LEGALES\"}]},{\"@type\":\"WebSite\",\"@id\":\"https:\/\/albabike.com\/blog\/#website\",\"url\":\"https:\/\/albabike.com\/blog\/\",\"name\":\"Albabike Blog\",\"description\":\"Blog sobre ciclismo y motociclismo. Informaci\u00f3n, consejos, noticias y reportajes sobre los mejores art\u00edculos y accesorios de bicis y motos del mercado.\",\"potentialAction\":[{\"@type\":\"SearchAction\",\"target\":{\"@type\":\"EntryPoint\",\"urlTemplate\":\"https:\/\/albabike.com\/blog\/?s={search_term_string}\"},\"query-input\":\"required name=search_term_string\"}],\"inLanguage\":\"es\"},{\"@type\":\"Person\",\"@id\":\"https:\/\/albabike.com\/blog\/#\/schema\/person\/848b0403600ee4517464ac79b890c897\",\"name\":\"albabike\",\"image\":{\"@type\":\"ImageObject\",\"inLanguage\":\"es\",\"@id\":\"https:\/\/albabike.com\/blog\/#\/schema\/person\/image\/\",\"url\":\"https:\/\/secure.gravatar.com\/avatar\/1fe34f93379ff6c3cda96e5eaa268e03b58d2c331aab8aefcca7343c1c62fe44?s=96&d=mm&r=g\",\"contentUrl\":\"https:\/\/secure.gravatar.com\/avatar\/1fe34f93379ff6c3cda96e5eaa268e03b58d2c331aab8aefcca7343c1c62fe44?s=96&d=mm&r=g\",\"caption\":\"albabike\"},\"url\":\"https:\/\/albabike.com\/blog\/author\/albabike\/\"}]}<\/script>\n<!-- \/ Yoast SEO plugin. -->","yoast_head_json":{"title":"LOS INTERCOMUNICADORES DE MOTO YA SON LEGALES - Albabike Blog","description":"Ahora s\u00ed, los intercomunicadores de moto ya son legales. Con la nueva Ley de Tr\u00e1fico, se autoriza el uso de estos dispositivos en la moto.","robots":{"index":"index","follow":"follow","max-snippet":"max-snippet:-1","max-image-preview":"max-image-preview:large","max-video-preview":"max-video-preview:-1"},"canonical":"https:\/\/albabike.com\/blog\/los-intercomunicadores-de-moto-ya-son-legales\/","og_locale":"es_ES","og_type":"article","og_title":"LOS INTERCOMUNICADORES DE MOTO YA SON LEGALES - Albabike Blog","og_description":"Ahora s\u00ed, los intercomunicadores de moto ya son legales. Con la nueva Ley de Tr\u00e1fico, se autoriza el uso de estos dispositivos en la moto.","og_url":"https:\/\/albabike.com\/blog\/los-intercomunicadores-de-moto-ya-son-legales\/","og_site_name":"Albabike Blog","article_published_time":"2022-03-22T10:00:52+00:00","article_modified_time":"2022-03-22T16:55:39+00:00","og_image":[{"width":1383,"height":922,"url":"https:\/\/albabike.com\/blog\/wp-content\/uploads\/2022\/03\/los-intercomunicadores-de-moto-ya-son-legales.jpg","type":"image\/jpeg"}],"author":"albabike","twitter_card":"summary_large_image","twitter_misc":{"Escrito por":"albabike","Tiempo de lectura":"5 minutos"},"schema":{"@context":"https:\/\/schema.org","@graph":[{"@type":"WebPage","@id":"https:\/\/albabike.com\/blog\/los-intercomunicadores-de-moto-ya-son-legales\/","url":"https:\/\/albabike.com\/blog\/los-intercomunicadores-de-moto-ya-son-legales\/","name":"LOS INTERCOMUNICADORES DE MOTO YA SON LEGALES - Albabike Blog","isPartOf":{"@id":"https:\/\/albabike.com\/blog\/#website"},"datePublished":"2022-03-22T10:00:52+00:00","dateModified":"2022-03-22T16:55:39+00:00","author":{"@id":"https:\/\/albabike.com\/blog\/#\/schema\/person\/848b0403600ee4517464ac79b890c897"},"description":"Ahora s\u00ed, los intercomunicadores de moto ya son legales. Con la nueva Ley de Tr\u00e1fico, se autoriza el uso de estos dispositivos en la moto.","breadcrumb":{"@id":"https:\/\/albabike.com\/blog\/los-intercomunicadores-de-moto-ya-son-legales\/#breadcrumb"},"inLanguage":"es","potentialAction":[{"@type":"ReadAction","target":["https:\/\/albabike.com\/blog\/los-intercomunicadores-de-moto-ya-son-legales\/"]}]},{"@type":"BreadcrumbList","@id":"https:\/\/albabike.com\/blog\/los-intercomunicadores-de-moto-ya-son-legales\/#breadcrumb","itemListElement":[{"@type":"ListItem","position":1,"name":"Portada","item":"https:\/\/albabike.com\/blog\/"},{"@type":"ListItem","position":2,"name":"LOS INTERCOMUNICADORES DE MOTO YA SON LEGALES"}]},{"@type":"WebSite","@id":"https:\/\/albabike.com\/blog\/#website","url":"https:\/\/albabike.com\/blog\/","name":"Albabike Blog","description":"Blog sobre ciclismo y motociclismo. Informaci\u00f3n, consejos, noticias y reportajes sobre los mejores art\u00edculos y accesorios de bicis y motos del mercado.","potentialAction":[{"@type":"SearchAction","target":{"@type":"EntryPoint","urlTemplate":"https:\/\/albabike.com\/blog\/?s={search_term_string}"},"query-input":"required name=search_term_string"}],"inLanguage":"es"},{"@type":"Person","@id":"https:\/\/albabike.com\/blog\/#\/schema\/person\/848b0403600ee4517464ac79b890c897","name":"albabike","image":{"@type":"ImageObject","inLanguage":"es","@id":"https:\/\/albabike.com\/blog\/#\/schema\/person\/image\/","url":"https:\/\/secure.gravatar.com\/avatar\/1fe34f93379ff6c3cda96e5eaa268e03b58d2c331aab8aefcca7343c1c62fe44?s=96&d=mm&r=g","contentUrl":"https:\/\/secure.gravatar.com\/avatar\/1fe34f93379ff6c3cda96e5eaa268e03b58d2c331aab8aefcca7343c1c62fe44?s=96&d=mm&r=g","caption":"albabike"},"url":"https:\/\/albabike.com\/blog\/author\/albabike\/"}]}},"_links":{"self":[{"href":"https:\/\/albabike.com\/blog\/wp-json\/wp\/v2\/posts\/1455","targetHints":{"allow":["GET"]}}],"collection":[{"href":"https:\/\/albabike.com\/blog\/wp-json\/wp\/v2\/posts"}],"about":[{"href":"https:\/\/albabike.com\/blog\/wp-json\/wp\/v2\/types\/post"}],"author":[{"embeddable":true,"href":"https:\/\/albabike.com\/blog\/wp-json\/wp\/v2\/users\/3"}],"replies":[{"embeddable":true,"href":"https:\/\/albabike.com\/blog\/wp-json\/wp\/v2\/comments?post=1455"}],"version-history":[{"count":33,"href":"https:\/\/albabike.com\/blog\/wp-json\/wp\/v2\/posts\/1455\/revisions"}],"predecessor-version":[{"id":1491,"href":"https:\/\/albabike.com\/blog\/wp-json\/wp\/v2\/posts\/1455\/revisions\/1491"}],"wp:featuredmedia":[{"embeddable":true,"href":"https:\/\/albabike.com\/blog\/wp-json\/wp\/v2\/media\/1456"}],"wp:attachment":[{"href":"https:\/\/albabike.com\/blog\/wp-json\/wp\/v2\/media?parent=1455"}],"wp:term":[{"taxonomy":"category","embeddable":true,"href":"https:\/\/albabike.com\/blog\/wp-json\/wp\/v2\/categories?post=1455"},{"taxonomy":"post_tag","embeddable":true,"href":"https:\/\/albabike.com\/blog\/wp-json\/wp\/v2\/tags?post=1455"}],"curies":[{"name":"wp","href":"https:\/\/api.w.org\/{rel}","templated":true}]}}